{"id":15400,"date":"2020-11-19T20:46:57","date_gmt":"2020-11-19T19:46:57","guid":{"rendered":"https:\/\/safran-ardeche.fr\/romegier\/?p=15400"},"modified":"2022-08-01T14:18:24","modified_gmt":"2022-08-01T12:18:24","slug":"idees-cadeaux-pour-noel","status":"publish","type":"post","link":"https:\/\/safran-ardeche.fr\/romegier\/idees-cadeaux-pour-noel\/","title":{"rendered":"IDEES CADEAUX POUR NOEL"},"content":{"rendered":"\r\n\n\t\t<style type=\"text\/css\">\n\t\t\t#gallery-1 {\n\t\t\t\tmargin: auto;\n\t\t\t}\n\t\t\t#gallery-1 .gallery-item {\n\t\t\t\tfloat: left;\n\t\t\t\tmargin-top: 10px;\n\t\t\t\ttext-align: center;\n\t\t\t\twidth: 33%;\n\t\t\t}\n\t\t\t#gallery-1 img {\n\t\t\t\tborder: 2px solid #cfcfcf;\n\t\t\t}\n\t\t\t#gallery-1 .gallery-caption {\n\t\t\t\tmargin-left: 0;\n\t\t\t}\n\t\t\t\/* see gallery_shortcode() in wp-includes\/media.php *\/\n\t\t<\/style>\n\t\t<div id='gallery-1' class='gallery galleryid-15400 gallery-columns-3 gallery-size-thumbnail'><dl class='gallery-item'>\n\t\t\t<dt class='gallery-icon portrait'>\n\t\t\t\t<img loading=\"lazy\" decoding=\"async\" width=\"200\" height=\"300\" src=\"https:\/\/i0.wp.com\/safran-ardeche.fr\/romegier\/wp-content\/uploads\/2019\/12\/DSC_0576-e1575996557151.jpg?fit=200%2C300&amp;ssl=1\" class=\"attachment-thumbnail size-thumbnail\" alt=\"Le coffret 35\u20ac : gel\u00e9e de safran , sirop de safran ,savon safran\/argan paquet de g\u00e2teaux (meringues safran ,sabl\u00e9s craquants safran,sabl\u00e9s confit de citron \/safran ) ,et 0,100g de safran en pistils dans un panier en bambou couleur naturel\" aria-describedby=\"gallery-1-13355\" srcset=\"https:\/\/i0.wp.com\/safran-ardeche.fr\/romegier\/wp-content\/uploads\/2019\/12\/DSC_0576-e1575996557151.jpg?w=4000&amp;ssl=1 4000w, https:\/\/i0.wp.com\/safran-ardeche.fr\/romegier\/wp-content\/uploads\/2019\/12\/DSC_0576-e1575996557151.jpg?resize=200%2C300&amp;ssl=1 200w, https:\/\/i0.wp.com\/safran-ardeche.fr\/romegier\/wp-content\/uploads\/2019\/12\/DSC_0576-e1575996557151.jpg?resize=300%2C450&amp;ssl=1 300w, https:\/\/i0.wp.com\/safran-ardeche.fr\/romegier\/wp-content\/uploads\/2019\/12\/DSC_0576-e1575996557151.jpg?resize=768%2C1152&amp;ssl=1 768w, https:\/\/i0.wp.com\/safran-ardeche.fr\/romegier\/wp-content\/uploads\/2019\/12\/DSC_0576-e1575996557151.jpg?resize=667%2C1001&amp;ssl=1 667w, https:\/\/i0.wp.com\/safran-ardeche.fr\/romegier\/wp-content\/uploads\/2019\/12\/DSC_0576-e1575996557151.jpg?w=2000&amp;ssl=1 2000w, https:\/\/i0.wp.com\/safran-ardeche.fr\/romegier\/wp-content\/uploads\/2019\/12\/DSC_0576-e1575996557151.jpg?w=3000&amp;ssl=1 3000w\" sizes=\"auto, (max-width: 200px) 100vw, 200px\" \/>\n\t\t\t<\/dt>\n\t\t\t\t<dd class='wp-caption-text gallery-caption' id='gallery-1-13355'>\n\t\t\t\tLe coffret 30\u20ac : gel\u00e9e de safran , sirop de safran ,savon safran\/argan  ,et 0,100g de safran en pistils dans un panier en bambou couleur rouge\n\t\t\t\t<\/dd><\/dl>\n\t\t\t<br style='clear: both' \/>\n\t\t<\/div>\n\r\n<p><a href=\"https:\/\/safran-ardeche.fr\/romegier\/product\/panier-safran-1\/\"><span style=\"color: #ce0037;\">COMMANDER UN COFFRET CADEAU<\/span><\/a><\/p>\r\n<p>&nbsp;<\/p>\r\n","protected":false},"excerpt":{"rendered":"Le coffret 30\u20ac : gel\u00e9e de safran , sirop de safran ,savon safran\/argan ,et 0,100g de safran en pistils dans un panier en bambou couleur rouge COMMANDER UN COFFRET CADEAU &nbsp;","protected":false},"author":1,"featured_media":15399,"comment_status":"open","ping_status":"open","sticky":false,"template":"","format":"standard","meta":{"_jetpack_memberships_contains_paid_content":false,"footnotes":"","jetpack_publicize_message":"","jetpack_publicize_feature_enabled":true,"jetpack_social_post_already_shared":true,"jetpack_social_options":{"image_generator_settings":{"template":"highway","default_image_id":0,"font":"","enabled":false},"version":2}},"categories":[57],"tags":[],"class_list":["post-15400","post","type-post","status-publish","format-standard","has-post-thumbnail","hentry","category-actualite"],"aioseo_notices":[],"jetpack_publicize_connections":[],"jetpack_featured_media_url":"https:\/\/i0.wp.com\/safran-ardeche.fr\/romegier\/wp-content\/uploads\/2020\/11\/Diapositive1.jpg?fit=1280%2C720&ssl=1","jetpack_sharing_enabled":true,"jetpack_shortlink":"https:\/\/wp.me\/pa63Lk-40o","_links":{"self":[{"href":"https:\/\/safran-ardeche.fr\/romegier\/wp-json\/wp\/v2\/posts\/15400","targetHints":{"allow":["GET"]}}],"collection":[{"href":"https:\/\/safran-ardeche.fr\/romegier\/wp-json\/wp\/v2\/posts"}],"about":[{"href":"https:\/\/safran-ardeche.fr\/romegier\/wp-json\/wp\/v2\/types\/post"}],"author":[{"embeddable":true,"href":"https:\/\/safran-ardeche.fr\/romegier\/wp-json\/wp\/v2\/users\/1"}],"replies":[{"embeddable":true,"href":"https:\/\/safran-ardeche.fr\/romegier\/wp-json\/wp\/v2\/comments?post=15400"}],"version-history":[{"count":9,"href":"https:\/\/safran-ardeche.fr\/romegier\/wp-json\/wp\/v2\/posts\/15400\/revisions"}],"predecessor-version":[{"id":15623,"href":"https:\/\/safran-ardeche.fr\/romegier\/wp-json\/wp\/v2\/posts\/15400\/revisions\/15623"}],"wp:featuredmedia":[{"embeddable":true,"href":"https:\/\/safran-ardeche.fr\/romegier\/wp-json\/wp\/v2\/media\/15399"}],"wp:attachment":[{"href":"https:\/\/safran-ardeche.fr\/romegier\/wp-json\/wp\/v2\/media?parent=15400"}],"wp:term":[{"taxonomy":"category","embeddable":true,"href":"https:\/\/safran-ardeche.fr\/romegier\/wp-json\/wp\/v2\/categories?post=15400"},{"taxonomy":"post_tag","embeddable":true,"href":"https:\/\/safran-ardeche.fr\/romegier\/wp-json\/wp\/v2\/tags?post=15400"}],"curies":[{"name":"wp","href":"https:\/\/api.w.org\/{rel}","templated":true}]}}